[{"@context":"https:\/\/schema.org\/","@type":"Article","@id":"https:\/\/www.allko.cz\/neskryvejte-svuj-perfekcionismus-sdilejte-ho-s-ostatnimi-a-ventilujte-svuj-smysl-pro-detail-napriklad-ve-svem-domove\/#Article","mainEntityOfPage":"https:\/\/www.allko.cz\/neskryvejte-svuj-perfekcionismus-sdilejte-ho-s-ostatnimi-a-ventilujte-svuj-smysl-pro-detail-napriklad-ve-svem-domove\/","headline":"Neskr\u00fdvejte sv\u016fj perfekcionismus, sd\u00edlejte ho s ostatn\u00edmi a ventilujte sv\u016fj smysl pro detail nap\u0159\u00edklad ve sv\u00e9m domov\u011b","name":"Neskr\u00fdvejte sv\u016fj perfekcionismus, sd\u00edlejte ho s ostatn\u00edmi a ventilujte sv\u016fj smysl pro detail nap\u0159\u00edklad ve sv\u00e9m domov\u011b","description":"Moc dob\u0159e o sob\u011b v\u00edte, \u017ee m\u00e1te opravdu velk\u00fd smysl pro detail a podle toho tak\u00e9 vypad\u00e1 Va\u0161e bydlen\u00ed. Z\u00e1suvka je n\u011bco, co najdete v ka\u017ed\u00e9 dom\u00e1cnosti nespo\u010detn\u011bkr\u00e1t a v\u011bt\u0161ina lid\u00ed mu nev\u011bnuje moc pozornosti. Vy ale pat\u0159\u00edte k lidem, kte\u0159\u00ed v\u011bnuj\u00ed pozornost t\u00e9m\u011b\u0159 ka\u017ed\u00e9mu detailu, a proto berete v\u00fdb\u011br nap\u0159\u00edklad takov\u00fdch z\u00e1suvek mnohem v\u00e1\u017en\u011bji ne\u017e ostatn\u00ed lid\u00e9. Chcete m\u00edt &hellip; ","datePublished":"2018-09-01","dateModified":"2023-05-02","author":{"@type":"Person","@id":"https:\/\/www.allko.cz\/author\/devene\/#Person","name":"devene","url":"https:\/\/www.allko.cz\/author\/devene\/","identifier":1,"image":{"@type":"ImageObject","@id":"https:\/\/secure.gravatar.com\/avatar\/c065076eb86551fdb70725c8063acf1b60a8edaed14ed654228c4cba13121c83?s=96&d=mm&r=g","url":"https:\/\/secure.gravatar.com\/avatar\/c065076eb86551fdb70725c8063acf1b60a8edaed14ed654228c4cba13121c83?s=96&d=mm&r=g","height":96,"width":96}},"publisher":{"@type":"Organization","name":"allko.cz","logo":{"@type":"ImageObject","@id":"\/logo.png","url":"\/logo.png","width":600,"height":60}},"image":{"@type":"ImageObject","@id":"https:\/\/www.allko.cz\/wp-content\/uploads\/img_a325556_w2249_t1537504853.jpg","url":"https:\/\/www.allko.cz\/wp-content\/uploads\/img_a325556_w2249_t1537504853.jpg","height":0,"width":0},"url":"https:\/\/www.allko.cz\/neskryvejte-svuj-perfekcionismus-sdilejte-ho-s-ostatnimi-a-ventilujte-svuj-smysl-pro-detail-napriklad-ve-svem-domove\/","wordCount":398,"articleBody":"       Moc dob\u0159e o sob\u011b v\u00edte, \u017ee m\u00e1te opravdu velk\u00fd smysl pro detail a podle toho tak\u00e9 vypad\u00e1 Va\u0161e bydlen\u00ed. Z\u00e1suvka je n\u011bco, co najdete v ka\u017ed\u00e9 dom\u00e1cnosti nespo\u010detn\u011bkr\u00e1t a v\u011bt\u0161ina lid\u00ed mu nev\u011bnuje moc pozornosti. Vy ale pat\u0159\u00edte k lidem, kte\u0159\u00ed v\u011bnuj\u00ed pozornost t\u00e9m\u011b\u0159 ka\u017ed\u00e9mu detailu, a proto berete v\u00fdb\u011br nap\u0159\u00edklad takov\u00fdch z\u00e1suvek mnohem v\u00e1\u017en\u011bji ne\u017e ostatn\u00ed lid\u00e9. Chcete m\u00edt v\u0161e ve Va\u0161em bydlen\u00ed dokonale zkombinovan\u00e9, aby v\u0161e ladilo p\u0159esn\u011b jak m\u00e1 a abyste se py\u0161nili dokonalost\u00ed barev a styl\u016f, kter\u00e9 jste sami vytvo\u0159ili. P\u0159esn\u011b pro V\u00e1s m\u00e1me nab\u00eddky, kter\u00e9 jist\u011b ocen\u00edte.  U n\u00e1s si nemus\u00edte kupovat sestaven\u00e9 kousky, kter\u00e9 u\u017e V\u00e1m n\u011bkdo p\u0159edepsal. M\u016f\u017eete si vytvo\u0159it p\u0159esn\u011b to prav\u00e9, co se bude do Va\u0161eho domu skv\u011ble hodit a co bude dokonale ladit s jak\u00fdmkoli stylem bydlen\u00ed. Vyberte si z nejmodern\u011bj\u0161\u00edch kombinac\u00ed a s opravdu velk\u00e9 nab\u00eddky barev a barevn\u00fdch kombinac\u00ed, se kter\u00fdmi budete na 100% spokojeni.  Jednoduch\u00e9 \u010di origin\u00e1ln\u00ed. Barevn\u00e9 \u010di neutr\u00e1ln\u00ed. U n\u00e1s najdete opravdu v\u0161e Velmi \u017e\u00e1dan\u00e9 unica vyp\u00edna\u010de jsou obl\u00edben\u00e9 zvl\u00e1\u0161\u0165 kv\u016fli sv\u00e9mu modern\u00edmu designu, kter\u00e9 i p\u0159es detailn\u00ed prvky jsou opravdov\u00fdm skvostem v ka\u017ed\u00e9 dom\u00e1cnosti. Dejte p\u0159ednost n\u011b\u010demu elegantn\u00edmu p\u0159ed nemodern\u00edmi a star\u0161\u00edmi kousky. Origin\u00e1ln\u00ed barevn\u00e9 proveden\u00ed si zamilujete a budou pro V\u00e1s t\u00edm dokonal\u00fdm detailem, kter\u00fd jste do sv\u00e9ho bydlen\u00ed tak dlouho sh\u00e1n\u011bli. Vyberete si mezi studen\u00fdmi i teplej\u0161\u00edmi t\u00f3ny. Nab\u00edz\u00edme kousky, kter\u00e9 budou vy\u010dn\u00edvat na zdi na prvn\u00ed pohled, ale i kousky, kter\u00e9 budou nen\u00e1padn\u011b schovan\u00e9 a z\u00e1rove\u0148 m\u00edt ten modern\u00ed minimalisticky design. Vezm\u011bte sv\u016fj smysl pro detail v\u00e1\u017en\u011b, pod\u00edvejte se na \u0161irokou \u0161k\u00e1lu na\u0161ich nejr\u016fzn\u011bj\u0161\u00edch kombinac\u00ed a objednejte si dokonal\u00e9 vyp\u00edna\u010de, kter\u00e9 budou p\u0159esn\u011b podle Va\u0161ich p\u0159edstav a d\u00edky kter\u00fdm budete moct dok\u00e1zat v\u00e1\u0161 smysl pro design a detail, kter\u00fd tak milujete a ve kter\u00e9m se naprosto vy\u017e\u00edv\u00e1te.                                                                                                                                                                                                                                                                                                                                                                                           5\/5 - (2 votes)        "},{"@context":"https:\/\/schema.org\/","@type":"BreadcrumbList","itemListElement":[{"@type":"ListItem","position":1,"name":"Neskr\u00fdvejte sv\u016fj perfekcionismus, sd\u00edlejte ho s ostatn\u00edmi a ventilujte sv\u016fj smysl pro detail nap\u0159\u00edklad ve sv\u00e9m domov\u011b","item":"https:\/\/www.allko.cz\/neskryvejte-svuj-perfekcionismus-sdilejte-ho-s-ostatnimi-a-ventilujte-svuj-smysl-pro-detail-napriklad-ve-svem-domove\/#breadcrumbitem"}]}]