[{"@context":"https:\/\/schema.org\/","@type":"Article","@id":"https:\/\/www.allko.cz\/jsem-rada-ze-mame-auta\/#Article","mainEntityOfPage":"https:\/\/www.allko.cz\/jsem-rada-ze-mame-auta\/","headline":"Jsem r\u00e1da, \u017ee m\u00e1me auta","name":"Jsem r\u00e1da, \u017ee m\u00e1me auta","description":"Auto pro m\u011b bylo v\u017edycky velmi d\u016fle\u017eit\u00e9. Nedok\u00e1zala jsem si p\u0159edstavit, \u017ee bychom v rodin\u011b nem\u011bli v\u016fbec \u017e\u00e1dn\u00e9 auto. S rodinou toti\u017e bydl\u00edme cel\u00fd \u017eivot na vesnici, kde sotva jede n\u011bjak\u00fd autobus, aby jel p\u0159esn\u011b na \u010das. A kdy\u017e u\u017e jede n\u011bjak\u00fd autobus, tak bu\u010f jede t\u0159eba o p\u011bt minut d\u0159\u00edve, \u017ee ani nezastav\u00ed na zast\u00e1vce. Anebo ten autobus jede &hellip; ","datePublished":"2022-04-08","dateModified":"2023-05-02","author":{"@type":"Person","@id":"https:\/\/www.allko.cz\/author\/devene\/#Person","name":"devene","url":"https:\/\/www.allko.cz\/author\/devene\/","identifier":1,"image":{"@type":"ImageObject","@id":"https:\/\/secure.gravatar.com\/avatar\/c065076eb86551fdb70725c8063acf1b60a8edaed14ed654228c4cba13121c83?s=96&d=mm&r=g","url":"https:\/\/secure.gravatar.com\/avatar\/c065076eb86551fdb70725c8063acf1b60a8edaed14ed654228c4cba13121c83?s=96&d=mm&r=g","height":96,"width":96}},"publisher":{"@type":"Organization","name":"allko.cz","logo":{"@type":"ImageObject","@id":"\/logo.png","url":"\/logo.png","width":600,"height":60}},"image":{"@type":"ImageObject","@id":"https:\/\/www.allko.cz\/wp-content\/uploads\/nissan-figaro-4368962_960_720.jpg","url":"https:\/\/www.allko.cz\/wp-content\/uploads\/nissan-figaro-4368962_960_720.jpg","height":0,"width":0},"url":"https:\/\/www.allko.cz\/jsem-rada-ze-mame-auta\/","about":["Auto moto"],"wordCount":411,"articleBody":"Auto pro m\u011b bylo v\u017edycky velmi d\u016fle\u017eit\u00e9. Nedok\u00e1zala jsem si p\u0159edstavit, \u017ee bychom v rodin\u011b nem\u011bli v\u016fbec \u017e\u00e1dn\u00e9 auto. S rodinou toti\u017e bydl\u00edme cel\u00fd \u017eivot na vesnici, kde sotva jede n\u011bjak\u00fd autobus, aby jel p\u0159esn\u011b na \u010das. A kdy\u017e u\u017e jede n\u011bjak\u00fd autobus, tak bu\u010f jede t\u0159eba o p\u011bt minut d\u0159\u00edve, \u017ee ani nezastav\u00ed na zast\u00e1vce. Anebo ten autobus jede \u00fapln\u011b pozd\u011b, \u017ee tam t\u0159eba u\u017e nikomu nebav\u00ed \u010dekat dal\u0161\u00edch dvacet minut a doufat, jestli v\u016fbec ten autobus pojede. Jsem z toho v\u011bt\u0161inou hodn\u011b ne\u0161\u0165astn\u00e1, proto\u017ee se spol\u00e9h\u00e1m na to, \u017ee autobus pojede. Bohu\u017eel se to st\u00e1v\u00e1 ale velmi \u010dasto, a to hlavn\u011b v posledn\u00ed dob\u011b, kde je takov\u00e1 krize, \u017ee autobus jezd\u00ed sotva jednou za uhersk\u00fd rok. Tak\u017ee jsem r\u00e1da, \u017ee m\u00e1me doma auto. Taky jsem si po\u0159\u00eddila\u00a0moto kolob\u011b\u017eku, kter\u00e1 je na elekt\u0159inu. Tak\u017ee samoz\u0159ejm\u011b nemus\u00edm kupovat zbyte\u010dn\u011b drah\u00fd benz\u00edn anebo naftu.Sice ano, elekt\u0159ina je taky velmi drah\u00e1. Ale zase st\u00e1le se mi to vyplat\u00ed i nab\u00edjet\u00a0elektrokolob\u011b\u017eku\u00a0elekt\u0159inou ne\u017e do n\u00ed d\u00e1vat benz\u00edn, ale na\u0161t\u011bst\u00ed to ale tak ani nefunguje. A taky jsem ale r\u00e1da, \u017ee dne\u0161n\u00ed doba mysl\u00ed taky na n\u00e1s v\u0161echny, \u017ee jsou taky\u00a0elektrokola. A \u0159ekla jsem si, \u017ee neb\u00fdt\u00a0elektrokol, tak m\u016fj bratr nem\u00e1 v\u016fbec jak jezdit do \u0161koly.Autobusu nejezd\u00ed a auto nem\u00e1. A u n\u00e1s v rodin\u011b m\u00e1 auto samoz\u0159ejm\u011b moje m\u00e1ma a taky t\u00e1ta, ale ti jezd\u00ed do pr\u00e1ce opravdu ka\u017ed\u00fd den. A n\u011bkdy se v rodin\u011b ani ne sejdeme na ve\u010de\u0159i, proto\u017ee m\u00e1me ka\u017ed\u00fd tak jin\u00e9 pracovn\u00ed a \u0161koln\u00ed povinnosti a podm\u00ednky, \u017ee se sejdeme maxim\u00e1ln\u011b tak dvakr\u00e1t, t\u0159ikr\u00e1t t\u00fddn\u011b v\u0161ichni pohromad\u011b. A to, kdybychom nem\u011bli ani jedno auto v rodin\u011b, tak se mo\u017en\u00e1 nesejdeme ani jednou t\u00fddn\u011b jako rodina v celku pohromad\u011b. A jak je pro v\u00e1s taky d\u016fle\u017eit\u00e9 auto, pokud tedy je? V\u00edte, zn\u00e1m taky mnoho lid\u00ed,\u00a0kte\u0159\u00ed\u00a0v\u016fbec o auto nestoj\u00ed a nemaj\u00ed o n\u011bj z\u00e1jem,\u00a0proto\u017ee\u00a0je pr\u00fd na n\u011b\u00a0zbyte\u010dn\u011b\u00a0drah\u00e9 nebo se prost\u011b boj\u00ed jenom \u0159\u00eddit.\u00a0                                                                                                                                                                                                                                                                                                                                                                                        4.3\/5 - (7 votes)        "},{"@context":"https:\/\/schema.org\/","@type":"BreadcrumbList","itemListElement":[{"@type":"ListItem","position":1,"name":"Jsem r\u00e1da, \u017ee m\u00e1me auta","item":"https:\/\/www.allko.cz\/jsem-rada-ze-mame-auta\/#breadcrumbitem"}]}]