[{"@context":"https:\/\/schema.org\/","@type":"Article","@id":"https:\/\/www.allko.cz\/chladic-auta\/#Article","mainEntityOfPage":"https:\/\/www.allko.cz\/chladic-auta\/","headline":"Chladi\u010d auta","name":"Chladi\u010d auta","description":"\u0158ekla jsem si, \u017ee a\u017e budu m\u00edt kone\u010dn\u011b sv\u00e9 prvn\u00ed auto, tak se o n\u011bj budu opravdu hodn\u011b starat. Proto\u017ee j\u00e1 jsem takov\u00e1, \u017ee kdy\u017e n\u011bco m\u00e1m, tak o to pe\u010duji, aby mi to vydr\u017eelo opravdu co nejd\u00e9le. A taky nikdy nezapomenu na moje prvn\u00ed kolo, kter\u00e9 mi koupila moje m\u00e1ma s babi\u010dkou, kdy\u017e jsem se kone\u010dn\u011b u\u017e nau\u010dila \u0159\u00eddit &hellip; ","datePublished":"2022-08-21","dateModified":"2023-05-02","author":{"@type":"Person","@id":"https:\/\/www.allko.cz\/author\/devene\/#Person","name":"devene","url":"https:\/\/www.allko.cz\/author\/devene\/","identifier":1,"image":{"@type":"ImageObject","@id":"https:\/\/secure.gravatar.com\/avatar\/c065076eb86551fdb70725c8063acf1b60a8edaed14ed654228c4cba13121c83?s=96&d=mm&r=g","url":"https:\/\/secure.gravatar.com\/avatar\/c065076eb86551fdb70725c8063acf1b60a8edaed14ed654228c4cba13121c83?s=96&d=mm&r=g","height":96,"width":96}},"publisher":{"@type":"Organization","name":"allko.cz","logo":{"@type":"ImageObject","@id":"\/logo.png","url":"\/logo.png","width":600,"height":60}},"image":{"@type":"ImageObject","@id":"https:\/\/www.allko.cz\/wp-content\/uploads\/young-man-1515402_960_720.jpg","url":"https:\/\/www.allko.cz\/wp-content\/uploads\/young-man-1515402_960_720.jpg","height":0,"width":0},"url":"https:\/\/www.allko.cz\/chladic-auta\/","about":["Produkty"],"wordCount":423,"articleBody":"    \u0158ekla jsem si, \u017ee a\u017e budu m\u00edt kone\u010dn\u011b sv\u00e9 prvn\u00ed auto, tak se o n\u011bj budu opravdu hodn\u011b starat. Proto\u017ee j\u00e1 jsem takov\u00e1, \u017ee kdy\u017e n\u011bco m\u00e1m, tak o to pe\u010duji, aby mi to vydr\u017eelo opravdu co nejd\u00e9le. A taky nikdy nezapomenu na moje prvn\u00ed kolo, kter\u00e9 mi koupila moje m\u00e1ma s babi\u010dkou, kdy\u017e jsem se kone\u010dn\u011b u\u017e nau\u010dila \u0159\u00eddit kolo. Ze za\u010d\u00e1tku to bylo takov\u00e9 mal\u00e9 kolo, kter\u00e9 m\u011blo p\u0159\u00eddavn\u00e1 kole\u010dka. To mi vydr\u017eelo asi p\u016fl roku, proto\u017ee potom jsem se u\u017e nau\u010dila skv\u011ble jezdit bez kole\u010dek.Ani nev\u00edte, jak jsem byla nad\u0161en\u00e1, kdy\u017e jsem dostala sv\u00e9 prvn\u00ed nov\u00e9 kolo. Bylo to v roce devades\u00e1t, tak\u017ee si jist\u011b dok\u00e1\u017eete p\u0159edstavit, \u017ee v t\u00e9 dob\u011b to bylo opravdu takov\u00e9 docela vz\u00e1cn\u00e9. A potom, o n\u011bkolik let pozd\u011bji jsem kone\u010dn\u011b dostala sv\u016fj vysn\u011bn\u00fd \u0159idi\u010d\u00e1k. Sice jsem ho ud\u011blala napodruh\u00e9 na zkou\u0161k\u00e1ch, ale to v\u016fbec nevad\u00ed. Hlavn\u011b, \u017ee ho m\u00e1m. A v\u016fbec taky nev\u00edm, jak bych se bez \u0159idi\u010dsk\u00e9ho pr\u016fkazu dnes u\u017e obe\u0161la. Bydl\u00edm na vesnici, jezd\u00edm do pr\u00e1ce, kter\u00e1 je ve m\u011bst\u011b. Tak\u017ee se nemus\u00edm alespo\u0148 spol\u00e9hat na autobus a jezd\u00edm si autem. Pracuji tam v jedn\u00e9 autoopravn\u011b.Prod\u00e1vaj\u00ed tam nap\u0159\u00edklad taky chladi\u010d v\u00fdfukov\u00fdch plyn\u016f 03\/131512c, kter\u00fd je velmi obl\u00edben\u00fd, proto\u017ee jde u n\u00e1s na odbyt. Kdy\u017e jsem se sv\u00e9ho \u0161\u00e9fa ptala, pro\u010d zrovna jde na odbyt chladi\u010d v\u00fdfukov\u00fdch plyn\u016f, tak mi \u0159ekl, \u017ee je to pro pot\u0159eba. \u017de mnoho lid\u00ed tohle chce, proto\u017ee to m\u00edt mus\u00ed. J\u00e1 abych se p\u0159iznala, tak jsem v\u016fbec nev\u011bd\u011bla, \u017ee n\u011bkter\u00fd chladi\u010d v\u00fdfukov\u00fdch plyn\u016f existuje. Jenom\u017ee potom jsem si \u0159ekla, \u017ee se m\u00e1m je\u0161t\u011b st\u00e1le co u\u010dit, tak\u017ee jsem r\u00e1da, kdy\u017e m\u011b \u0161\u00e9f n\u011bco nau\u010d\u00ed. Proto\u017ee se r\u00e1da u\u010d\u00edm, tak\u017ee se neuraz\u00edm, kdy\u017e m\u011b n\u011bkdo o n\u011b\u010dem pou\u010d\u00ed anebo mi n\u011bco v\u00edce vysv\u011btl\u00ed. Kolikr\u00e1t je tohle lep\u0161\u00ed ne\u017e potom d\u011blat n\u011bjak\u00e9 chyby, kter\u00fdch by pak \u010dlov\u011bk taky mohl litovat. J\u00e1 jsem se u\u017e tolikr\u00e1t sp\u00e1lila, \u017ee jsme si \u0159ekla, \u017ee dal\u0161\u00ed chyby u\u017e d\u011blat nechci.                                                                                                                                                                                                                                                                                                                                                                                         4\/5 - (10 votes)        "},{"@context":"https:\/\/schema.org\/","@type":"BreadcrumbList","itemListElement":[{"@type":"ListItem","position":1,"name":"Chladi\u010d auta","item":"https:\/\/www.allko.cz\/chladic-auta\/#breadcrumbitem"}]}]